{"id":965,"date":"2024-02-29T12:00:34","date_gmt":"2024-02-29T18:00:34","guid":{"rendered":"https:\/\/www.ucc.edu.ni\/boletininformativo\/?p=965"},"modified":"2024-04-02T17:09:35","modified_gmt":"2024-04-02T23:09:35","slug":"ucc-y-upf-planifican-conferencias","status":"publish","type":"post","link":"https:\/\/www.ucc.edu.ni\/boletininformativo\/gestion-institucional\/ucc-y-upf-planifican-conferencias\/","title":{"rendered":"UCC y UPF planifican Conferencias"},"content":{"rendered":"\n<p>Autoridades de la Universidad de Ciencias Comerciales UCC y de la Federaci\u00f3n para la Paz Universal UPF, sostuvieron una reuni\u00f3n de trabajo para la planificaci\u00f3n de conferencias del programa Educaci\u00f3n del Car\u00e1cter.<\/p>\n\n\n\n<p>En la reuni\u00f3n participaron la Vicerrector\u00eda General, el equipo Acad\u00e9mico y equipo de UPF, quienes definieron los temas a desarrollar, modalidad y distribuci\u00f3n por sede y Campus.<\/p>\n\n\n\n<p>\u201cPara nuestra universidad es fundamental fortalecer los valores de los estudiantes, ya que es parte de nuestra misi\u00f3n, formar estudiantes integrales\u201d, expres\u00f3 el Vicerrector General, Marvin Jim\u00e9nez Ruiz.<\/p>\n\n\n\n<p>La representante de UPF, Mar\u00eda Luisa Sol Sol, agradeci\u00f3 a UCC la oportunidad de facilitar espacios que permitan fortalecer a las familias con valores.<\/p>\n\n\n\n<p>Este programa corresponde a la jornada 60 Aniversario de UCC.<\/p>\n","protected":false},"excerpt":{"rendered":"<p>Autoridades de la Universidad de Ciencias Comerciales UCC y de la Federaci\u00f3n para la Paz Universal UPF, sostuvieron una reuni\u00f3n de trabajo para la planificaci\u00f3n de conferencias del programa Educaci\u00f3n&hellip; <\/p>\n","protected":false},"author":1,"featured_media":966,"comment_status":"closed","ping_status":"closed","sticky":false,"template":"","format":"standard","meta":{"footnotes":""},"categories":[24,9],"tags":[],"class_list":["post-965","post","type-post","status-publish","format-standard","has-post-thumbnail","hentry","category-febrero-2024","category-gestion-institucional"],"_links":{"self":[{"href":"https:\/\/www.ucc.edu.ni\/boletininformativo\/wp-json\/wp\/v2\/posts\/965","targetHints":{"allow":["GET"]}}],"collection":[{"href":"https:\/\/www.ucc.edu.ni\/boletininformativo\/wp-json\/wp\/v2\/posts"}],"about":[{"href":"https:\/\/www.ucc.edu.ni\/boletininformativo\/wp-json\/wp\/v2\/types\/post"}],"author":[{"embeddable":true,"href":"https:\/\/www.ucc.edu.ni\/boletininformativo\/wp-json\/wp\/v2\/users\/1"}],"replies":[{"embeddable":true,"href":"https:\/\/www.ucc.edu.ni\/boletininformativo\/wp-json\/wp\/v2\/comments?post=965"}],"version-history":[{"count":1,"href":"https:\/\/www.ucc.edu.ni\/boletininformativo\/wp-json\/wp\/v2\/posts\/965\/revisions"}],"predecessor-version":[{"id":967,"href":"https:\/\/www.ucc.edu.ni\/boletininformativo\/wp-json\/wp\/v2\/posts\/965\/revisions\/967"}],"wp:featuredmedia":[{"embeddable":true,"href":"https:\/\/www.ucc.edu.ni\/boletininformativo\/wp-json\/wp\/v2\/media\/966"}],"wp:attachment":[{"href":"https:\/\/www.ucc.edu.ni\/boletininformativo\/wp-json\/wp\/v2\/media?parent=965"}],"wp:term":[{"taxonomy":"category","embeddable":true,"href":"https:\/\/www.ucc.edu.ni\/boletininformativo\/wp-json\/wp\/v2\/categories?post=965"},{"taxonomy":"post_tag","embeddable":true,"href":"https:\/\/www.ucc.edu.ni\/boletininformativo\/wp-json\/wp\/v2\/tags?post=965"}],"curies":[{"name":"wp","href":"https:\/\/api.w.org\/{rel}","templated":true}]}}