{"id":2482,"date":"2025-11-28T08:35:46","date_gmt":"2025-11-28T14:35:46","guid":{"rendered":"https:\/\/www.ucc.edu.ni\/boletininformativo\/?p=2482"},"modified":"2026-01-06T10:12:42","modified_gmt":"2026-01-06T16:12:42","slug":"mas-de-30-profesionales-culminan-diplomado-en-la-ucc","status":"publish","type":"post","link":"https:\/\/www.ucc.edu.ni\/boletininformativo\/docencia\/mas-de-30-profesionales-culminan-diplomado-en-la-ucc\/","title":{"rendered":"M\u00e1s de 30 profesionales culminan Diplomado en la UCC"},"content":{"rendered":"\n<p>La Universidad de Ciencias Comerciales (UCC), a trav\u00e9s de la Direcci\u00f3n de Posgrado y Educaci\u00f3n Continua, celebr\u00f3 este domingo 23 de noviembre la clausura del Diplomado en Seguridad y Salud Laboral.<\/p>\n\n\n\n<p>31 profesionales culminaron con \u00e9xito este proceso formativo orientado a fortalecer las competencias para promover ambientes de trabajo seguros, prevenir riesgos laborales y velar por el bienestar integral de los colaboradores en diferentes entornos organizacionales.<\/p>\n\n\n\n<p>Este diplomado tuvo como objetivo brindar a los participantes conocimientos actualizados sobre normativas, gesti\u00f3n del riesgo, investigaci\u00f3n de incidentes, ergonom\u00eda, primeros auxilios laborales y estrategias de prevenci\u00f3n, herramientas fundamentales que les permitir\u00e1n implementar buenas pr\u00e1cticas de seguridad ocupacional y aportar al cumplimiento de est\u00e1ndares nacionales e internacionales en sus centros de trabajo.<\/p>\n\n\n\n<p>El maestro Eddy Baltodano, Rector de la UCC, expres\u00f3 su satisfacci\u00f3n por los logros alcanzados, subrayando la importancia de la formaci\u00f3n continua para el desarrollo profesional y el fortalecimiento de una cultura de prevenci\u00f3n en el pa\u00eds.<\/p>\n\n\n\n<p>Por su parte, el maestro Marvin Jim\u00e9nez, Vicerrector General, felicit\u00f3 a los participantes destacando el esfuerzo, la disciplina y la dedicaci\u00f3n demostrados durante todo el proceso formativo. \u201cEste logro representa un paso significativo en su crecimiento profesional\u201d. A\u00f1adi\u00f3 que cada profesional que culmina este diplomado lleva consigo la responsabilidad de ser agente de cambio en su entorno, promoviendo espacios m\u00e1s seguros y conscientes\u201d.<\/p>\n\n\n\n<p>En representaci\u00f3n de los estudiantes, Junetzy Salmer\u00f3n agradeci\u00f3 a la UCC por brindar un espacio formativo de alta calidad, resaltando que este diplomado les permiti\u00f3 ampliar sus competencias t\u00e9cnicas y asumir con mayor responsabilidad los desaf\u00edos propios de la seguridad ocupacional.<\/p>\n\n\n\n<p>El acto fue presidido por el maestro Eddy Baltodano, Rector de UCC; Maestro Marvin Jim\u00e9nez, Vicerrector General y la maestra Arlen Gonz\u00e1lez, Directora de Posgrado y Educaci\u00f3n Continua.<\/p>\n","protected":false},"excerpt":{"rendered":"<p>La Universidad de Ciencias Comerciales (UCC), a trav\u00e9s de la Direcci\u00f3n de Posgrado y Educaci\u00f3n Continua, celebr\u00f3 este domingo 23 de noviembre la clausura del Diplomado en Seguridad y Salud&hellip; <\/p>\n","protected":false},"author":1,"featured_media":2483,"comment_status":"closed","ping_status":"open","sticky":false,"template":"","format":"standard","meta":{"footnotes":""},"categories":[10,46],"tags":[],"class_list":["post-2482","post","type-post","status-publish","format-standard","has-post-thumbnail","hentry","category-docencia","category-noviembre-2025"],"_links":{"self":[{"href":"https:\/\/www.ucc.edu.ni\/boletininformativo\/wp-json\/wp\/v2\/posts\/2482","targetHints":{"allow":["GET"]}}],"collection":[{"href":"https:\/\/www.ucc.edu.ni\/boletininformativo\/wp-json\/wp\/v2\/posts"}],"about":[{"href":"https:\/\/www.ucc.edu.ni\/boletininformativo\/wp-json\/wp\/v2\/types\/post"}],"author":[{"embeddable":true,"href":"https:\/\/www.ucc.edu.ni\/boletininformativo\/wp-json\/wp\/v2\/users\/1"}],"replies":[{"embeddable":true,"href":"https:\/\/www.ucc.edu.ni\/boletininformativo\/wp-json\/wp\/v2\/comments?post=2482"}],"version-history":[{"count":1,"href":"https:\/\/www.ucc.edu.ni\/boletininformativo\/wp-json\/wp\/v2\/posts\/2482\/revisions"}],"predecessor-version":[{"id":2484,"href":"https:\/\/www.ucc.edu.ni\/boletininformativo\/wp-json\/wp\/v2\/posts\/2482\/revisions\/2484"}],"wp:featuredmedia":[{"embeddable":true,"href":"https:\/\/www.ucc.edu.ni\/boletininformativo\/wp-json\/wp\/v2\/media\/2483"}],"wp:attachment":[{"href":"https:\/\/www.ucc.edu.ni\/boletininformativo\/wp-json\/wp\/v2\/media?parent=2482"}],"wp:term":[{"taxonomy":"category","embeddable":true,"href":"https:\/\/www.ucc.edu.ni\/boletininformativo\/wp-json\/wp\/v2\/categories?post=2482"},{"taxonomy":"post_tag","embeddable":true,"href":"https:\/\/www.ucc.edu.ni\/boletininformativo\/wp-json\/wp\/v2\/tags?post=2482"}],"curies":[{"name":"wp","href":"https:\/\/api.w.org\/{rel}","templated":true}]}}