{"id":2224,"date":"2025-07-31T09:22:39","date_gmt":"2025-07-31T15:22:39","guid":{"rendered":"https:\/\/www.ucc.edu.ni\/boletininformativo\/?p=2224"},"modified":"2025-10-02T09:32:49","modified_gmt":"2025-10-02T15:32:49","slug":"compromiso-con-la-salud-ocupacional","status":"publish","type":"post","link":"https:\/\/www.ucc.edu.ni\/boletininformativo\/gestion-institucional\/compromiso-con-la-salud-ocupacional\/","title":{"rendered":"Compromiso con la Salud Ocupacional"},"content":{"rendered":"\n<p>Colaboradores de las diferentes \u00e1reas de la Universidad de Ciencias Comerciales (UCC), Sede Central Managua, participaron el martes 22 de julio en la Charla sobre Ergonom\u00eda de Oficina, impartida por el Instituto Nicarag\u00fcense de Seguridad Social (INSS), con el objetivo de fortalecer la prevenci\u00f3n de riesgos laborales y promover entornos de trabajo m\u00e1s saludables.<\/p>\n\n\n\n<p>La capacitaci\u00f3n fue dirigida por el Inspector de Higiene y Seguridad del INSS, Francisco Jarqu\u00edn, quien ense\u00f1\u00f3 sobre los factores de riesgo ergon\u00f3micos presentes en los espacios de trabajo. \u201cCuando no tenemos ergonom\u00eda en nuestros puestos de trabajo se empiezan a desarrollar diversas afectaciones en los colaboradores debido a las malas posturas, los movimientos repetitivos o la falta de pausas activas\u201d, explic\u00f3.<\/p>\n\n\n\n<p>Entre los principales factores de riesgo abordados se destacaron las posturas forzadas, el estr\u00e9s por contacto y los movimientos repetitivos. Asimismo, se brindaron recomendaciones pr\u00e1cticas para prevenir enfermedades ocupacionales mediante pausas activas, correcci\u00f3n postural y adecuaci\u00f3n del entorno laboral.<\/p>\n\n\n\n<p>La actividad fue organizada por la Direcci\u00f3n de Recursos Humanos, a trav\u00e9s de la Coordinaci\u00f3n de Higiene y Seguridad Ocupacional. F\u00e9lix Garc\u00eda, Director de RRHH, expres\u00f3 que esta capacitaci\u00f3n forma parte del Plan Anual de Formaci\u00f3n del \u00e1rea. \u201cLa ergonom\u00eda es un tema importante porque contribuye al bienestar f\u00edsico, emocional y productivo de nuestros colaboradores\u201d.<\/p>\n\n\n\n<p>Por su parte, Alejandro Chavarr\u00eda, Coordinador de Higiene y Seguridad Ocupacional, subray\u00f3 la importancia de esta charla como parte de las acciones preventivas impulsadas por la universidad. \u201cNuestro compromiso es seguir creando espacios laborales m\u00e1s seguros, donde cada colaborador se sienta protegido y cuidado\u201d.<\/p>\n\n\n\n<p>En sus palabras de clausura, el Vicerrector General, maestro Marvin Jim\u00e9nez, agradeci\u00f3 al INSS por la valiosa capacitaci\u00f3n brindada a los colaboradores de la UCC y destac\u00f3 que el compromiso con la ergonom\u00eda es una responsabilidad compartida entre trabajadores e instituciones. Asimismo, motiv\u00f3 a los colaboradores a mantenerse informados sobre los procesos institucionales relacionados con accidentes laborales.<\/p>\n\n\n\n<p>La actividad fue valorada de forma positiva por los participantes, quienes reconocieron la utilidad de los contenidos para aplicar mejoras inmediatas en sus entornos laborales.<\/p>\n","protected":false},"excerpt":{"rendered":"<p>Colaboradores de las diferentes \u00e1reas de la Universidad de Ciencias Comerciales (UCC), Sede Central Managua, participaron el martes 22 de julio en la Charla sobre Ergonom\u00eda de Oficina, impartida por&hellip; <\/p>\n","protected":false},"author":1,"featured_media":2225,"comment_status":"closed","ping_status":"open","sticky":false,"template":"","format":"standard","meta":{"footnotes":""},"categories":[9,44],"tags":[],"class_list":["post-2224","post","type-post","status-publish","format-standard","has-post-thumbnail","hentry","category-gestion-institucional","category-julio-2025"],"_links":{"self":[{"href":"https:\/\/www.ucc.edu.ni\/boletininformativo\/wp-json\/wp\/v2\/posts\/2224","targetHints":{"allow":["GET"]}}],"collection":[{"href":"https:\/\/www.ucc.edu.ni\/boletininformativo\/wp-json\/wp\/v2\/posts"}],"about":[{"href":"https:\/\/www.ucc.edu.ni\/boletininformativo\/wp-json\/wp\/v2\/types\/post"}],"author":[{"embeddable":true,"href":"https:\/\/www.ucc.edu.ni\/boletininformativo\/wp-json\/wp\/v2\/users\/1"}],"replies":[{"embeddable":true,"href":"https:\/\/www.ucc.edu.ni\/boletininformativo\/wp-json\/wp\/v2\/comments?post=2224"}],"version-history":[{"count":1,"href":"https:\/\/www.ucc.edu.ni\/boletininformativo\/wp-json\/wp\/v2\/posts\/2224\/revisions"}],"predecessor-version":[{"id":2226,"href":"https:\/\/www.ucc.edu.ni\/boletininformativo\/wp-json\/wp\/v2\/posts\/2224\/revisions\/2226"}],"wp:featuredmedia":[{"embeddable":true,"href":"https:\/\/www.ucc.edu.ni\/boletininformativo\/wp-json\/wp\/v2\/media\/2225"}],"wp:attachment":[{"href":"https:\/\/www.ucc.edu.ni\/boletininformativo\/wp-json\/wp\/v2\/media?parent=2224"}],"wp:term":[{"taxonomy":"category","embeddable":true,"href":"https:\/\/www.ucc.edu.ni\/boletininformativo\/wp-json\/wp\/v2\/categories?post=2224"},{"taxonomy":"post_tag","embeddable":true,"href":"https:\/\/www.ucc.edu.ni\/boletininformativo\/wp-json\/wp\/v2\/tags?post=2224"}],"curies":[{"name":"wp","href":"https:\/\/api.w.org\/{rel}","templated":true}]}}